{"id":946,"date":"2025-10-21T11:50:44","date_gmt":"2025-10-21T11:50:44","guid":{"rendered":"https:\/\/hilanda.com.ar\/site\/?p=946"},"modified":"2025-10-21T11:50:44","modified_gmt":"2025-10-21T11:50:44","slug":"la-promesa-circular","status":"publish","type":"post","link":"https:\/\/hilanda.com.ar\/site\/blog\/2025\/10\/21\/la-promesa-circular\/","title":{"rendered":"La Promesa Circular"},"content":{"rendered":"\n<h3>En qu\u00e9 anda la Econom\u00eda Circular en el cono Sur<\/h3>\n\n\n\n<p><em><span class=\"has-inline-color has-cyan-bluish-gray-color\">El siguiente es un art\u00edculo parte de una serie que busca difundir los conceptos b\u00e1sicos de la EC, el estado actual en nuestra regi\u00f3n y posibles avances. Est\u00e1 escrito con ayuda de IA, en el marco de las acciones de A.C. Humanidad Colaborativa y el programa HILANDA<\/span><\/em><\/p>\n\n\n\n<p><\/p>\n\n\n\n<p>El ritmo de la moda actual nos pone en un punto de inflexi\u00f3n. Cada a\u00f1o, millones de toneladas de prendas terminan en basurales, generando una huella ambiental y social inaceptable.<\/p>\n\n\n\n<p>Sin embargo, en medio de este desaf\u00edo, aparece una soluci\u00f3n poderosa y esperanzadora: la circularidad textil. Pero, \u00bfqu\u00e9 significa \u201ccircular\u201d para la industria de nuestra regi\u00f3n, y c\u00f3mo podemos pasar del concepto a la realidad en Am\u00e9rica Latina?<\/p>\n\n\n\n<p>En esencia, la circularidad textil propone un modelo donde la ropa no se descarta, sino que se dise\u00f1a para ser reutilizada, reparada y reciclada, manteniendo sus materiales en el circuito productivo el mayor tiempo posible. Es un cambio radical de la tradicional econom\u00eda lineal (\u201dextraer, producir, usar, tirar\u201d) a una regenerativa. En pa\u00edses como Argentina, Chile, Uruguay y Brasil, donde la pasi\u00f3n por el consumo convive con una creciente conciencia ambiental, esta transici\u00f3n no es solo deseable, sino urgente.<\/p>\n\n\n\n<figure class=\"wp-block-image\"><a href=\"https:\/\/images.unsplash.com\/photo-1624396113519-2f82e5a15a8c?crop=entropy&amp;cs=tinysrgb&amp;fit=max&amp;fm=jpg&amp;ixid=M3wzMDAzMzh8MHwxfHNlYXJjaHwzfHx0ZXh0aWwlMjB3YXN0ZSUyMGNvbnRhbWluYXRpb258ZW58MHx8fHwxNzYwMDE4MzUyfDA&amp;ixlib=rb-4.1.0&amp;q=80&amp;w=1080\" target=\"_blank\" rel=\"noreferrer noopener\"><img src=\"https:\/\/images.unsplash.com\/photo-1624396113519-2f82e5a15a8c?crop=entropy&amp;cs=tinysrgb&amp;fit=max&amp;fm=jpg&amp;ixid=M3wzMDAzMzh8MHwxfHNlYXJjaHwzfHx0ZXh0aWwlMjB3YXN0ZSUyMGNvbnRhbWluYXRpb258ZW58MHx8fHwxNzYwMDE4MzUyfDA&amp;ixlib=rb-4.1.0&amp;q=80&amp;w=1080\" alt=\"black and white plastic bags on brown sand during daytime\" title=\"black and white plastic bags on brown sand during daytime\"\/><\/a><figcaption>Photo by&nbsp;<a href=\"https:\/\/unsplash.com\/@ravitta\">Ravit Bennier Cohen<\/a>&nbsp;on&nbsp;<a href=\"https:\/\/unsplash.com\/\">Unsplash<\/a><\/figcaption><\/figure>\n\n\n\n<h3>Desaf\u00edos en el Camino hacia la Circularidad<\/h3>\n\n\n\n<p>Implementar la circularidad a gran escala en nuestra regi\u00f3n presenta desaf\u00edos \u00fanicos. Uno de los principales es la&nbsp;<strong>infraestructura<\/strong>. A diferencia de Europa, donde existen sistemas de recolecci\u00f3n y clasificaci\u00f3n m\u00e1s desarrollados,&nbsp;<strong>en Am\u00e9rica Latina todav\u00eda estamos construyendo los cimientos<\/strong>. La recolecci\u00f3n selectiva de textiles post-consumo es limitada, y las plantas de reciclaje mec\u00e1nico o qu\u00edmico son escasas y, a menudo, no est\u00e1n adaptadas a la complejidad de las fibras mezcladas actuales.<\/p>\n\n\n\n<p>Otro factor crucial es la&nbsp;<strong>log\u00edstica inversa<\/strong>. \u00bfC\u00f3mo recuperamos de manera eficiente y segura las prendas de los consumidores, especialmente en territorios enormes y en nuestras grandes y ca\u00f3ticas ciudades? Esto requiere una articulaci\u00f3n estrecha entre marcas, gobiernos, organizaciones civiles y, por supuesto, los propios ciudadanos.<\/p>\n\n\n\n<p>Finalmente, la&nbsp;<strong>educaci\u00f3n y la sensibilizaci\u00f3n<\/strong>&nbsp;juegan un rol determinante. Tanto para los productores como para los consumidores, es fundamental comprender el valor de cada prenda y el impacto de nuestras decisiones de compra. Fomentar la reparaci\u00f3n, el&nbsp;<em>upcycling<\/em>&nbsp;y la compra de segunda mano no es solo una tendencia; es una necesidad cultural.<\/p>\n\n\n\n<h3>Oportunidades que Transforman<\/h3>\n\n\n\n<p>A pesar de estos retos, las oportunidades para la circularidad textil en Am\u00e9rica Latina son inmensas. La creatividad y el ingenio de nuestros dise\u00f1adores y artesanos son un motor natural para el upcycling y la creaci\u00f3n de valor a partir de residuos. Numerosas marcas emergentes ya est\u00e1n liderando con el ejemplo, transformando materiales descartados en nuevas colecciones \u00fanicas.<\/p>\n\n\n\n<p>Por ejemplo, en Santiago, una joven emprendedora convierte retazos de denim en bolsos de dise\u00f1o, mientras que en Buenos Aires, una cooperativa utiliza s\u00e1banas de hoteles en desuso para confeccionar indumentaria infantil.<\/p>\n\n\n\n<p>Los&nbsp;<strong>modelos de negocio circulares<\/strong>&nbsp;tambi\u00e9n est\u00e1n ganando terreno. El alquiler de ropa, el&nbsp;<em>recommerce<\/em>&nbsp;(reventa de prendas usadas) y los servicios de reparaci\u00f3n est\u00e1n comenzando a florecer, ofreciendo alternativas atractivas al consumo desmedido. Estas iniciativas no solo reducen el impacto ambiental, sino que tambi\u00e9n generan nuevas fuentes de empleo y empoderamiento econ\u00f3mico local.<\/p>\n\n\n\n<figure class=\"wp-block-image\"><a href=\"https:\/\/images.unsplash.com\/photo-1669572203665-7aa34235b41b?crop=entropy&amp;cs=tinysrgb&amp;fit=max&amp;fm=jpg&amp;ixid=M3wzMDAzMzh8MHwxfHNlYXJjaHwxMXx8d29tYW4lMjBmYWJyaWNzJTIwcHJvfGVufDB8fHx8MTc2MDAxODQ0N3ww&amp;ixlib=rb-4.1.0&amp;q=80&amp;w=1080\" target=\"_blank\" rel=\"noreferrer noopener\"><img src=\"https:\/\/images.unsplash.com\/photo-1669572203665-7aa34235b41b?crop=entropy&amp;cs=tinysrgb&amp;fit=max&amp;fm=jpg&amp;ixid=M3wzMDAzMzh8MHwxfHNlYXJjaHwxMXx8d29tYW4lMjBmYWJyaWNzJTIwcHJvfGVufDB8fHx8MTc2MDAxODQ0N3ww&amp;ixlib=rb-4.1.0&amp;q=80&amp;w=1080\" alt=\"a person in a store\" title=\"a person in a store\"\/><\/a><figcaption>Photo by&nbsp;<a href=\"https:\/\/unsplash.com\/@mana5280\">mana5280<\/a>&nbsp;on&nbsp;<a href=\"https:\/\/unsplash.com\/\">Unsplash<\/a><\/figcaption><\/figure>\n\n\n\n<p>Adem\u00e1s, hay un creciente inter\u00e9s por parte de los gobiernos y la sociedad civil en impulsar pol\u00edticas p\u00fablicas que favorezcan la circularidad. La implementaci\u00f3n de leyes de Responsabilidad Extendida del Productor (REP) para el sector textil, el fomento de la eco-innovaci\u00f3n y la inversi\u00f3n en tecnolog\u00edas de reciclaje son pasos esenciales que ya se est\u00e1n debatiendo en foros regionales.<\/p>\n\n\n\n<p>Por ejemplo, en Brasil, iniciativas como la \u201cLei do Res\u00edduo S\u00f3lido\u201d ya sientan bases para una gesti\u00f3n m\u00e1s responsable.<\/p>\n\n\n\n<h3>El Camino a Seguir<\/h3>\n\n\n\n<p>Para que la promesa circular se haga realidad, necesitamos una visi\u00f3n&nbsp;<strong>hol\u00edstica y colaborativa.<\/strong>&nbsp;Esto implica:<\/p>\n\n\n\n<ul><li><strong>Inversi\u00f3n en Infraestructura:<\/strong>&nbsp;Desarrollar centros de clasificaci\u00f3n y reciclaje adaptados a las necesidades locales.<\/li><li><strong>Pol\u00edticas P\u00fablicas Claras:<\/strong>&nbsp;Impulsar marcos regulatorios que incentiven el dise\u00f1o sostenible, la recuperaci\u00f3n de materiales y la REP (Responsabilidad Extendida del productor).<\/li><li><strong>Innovaci\u00f3n y Tecnolog\u00eda:<\/strong>&nbsp;Apoyar la investigaci\u00f3n y el desarrollo de nuevas fibras, procesos de reciclaje y herramientas de trazabilidad.<\/li><li><strong>Educaci\u00f3n y Consumo Consciente:<\/strong>&nbsp;Capacitar a la industria y empoderar a los consumidores para que tomen decisiones m\u00e1s sostenibles.<\/li><\/ul>\n\n\n\n<p>La circularidad textil no es solo una tendencia; es el futuro de la moda. En Argentina, Chile, Uruguay, Brasil y toda Am\u00e9rica Latina, tenemos la capacidad, la creatividad y la voluntad para liderar esta transformaci\u00f3n, construyendo una industria m\u00e1s justa, resiliente y armoniosa con nuestro planeta. El camino es largo, pero cada paso que damos hacia la circularidad es una inversi\u00f3n en nuestro futuro colectivo.<\/p>\n","protected":false},"excerpt":{"rendered":"<p>En qu\u00e9 anda la Econom\u00eda Circular en el cono Sur El siguiente es un art\u00edculo parte de una serie [&hellip;]<\/p>\n","protected":false},"author":1,"featured_media":735,"comment_status":"closed","ping_status":"open","sticky":false,"template":"","format":"standard","meta":[],"categories":[1],"tags":[39,65,34,42,29,38,28],"_links":{"self":[{"href":"https:\/\/hilanda.com.ar\/site\/wp-json\/wp\/v2\/posts\/946"}],"collection":[{"href":"https:\/\/hilanda.com.ar\/site\/wp-json\/wp\/v2\/posts"}],"about":[{"href":"https:\/\/hilanda.com.ar\/site\/wp-json\/wp\/v2\/types\/post"}],"author":[{"embeddable":true,"href":"https:\/\/hilanda.com.ar\/site\/wp-json\/wp\/v2\/users\/1"}],"replies":[{"embeddable":true,"href":"https:\/\/hilanda.com.ar\/site\/wp-json\/wp\/v2\/comments?post=946"}],"version-history":[{"count":2,"href":"https:\/\/hilanda.com.ar\/site\/wp-json\/wp\/v2\/posts\/946\/revisions"}],"predecessor-version":[{"id":948,"href":"https:\/\/hilanda.com.ar\/site\/wp-json\/wp\/v2\/posts\/946\/revisions\/948"}],"wp:featuredmedia":[{"embeddable":true,"href":"https:\/\/hilanda.com.ar\/site\/wp-json\/wp\/v2\/media\/735"}],"wp:attachment":[{"href":"https:\/\/hilanda.com.ar\/site\/wp-json\/wp\/v2\/media?parent=946"}],"wp:term":[{"taxonomy":"category","embeddable":true,"href":"https:\/\/hilanda.com.ar\/site\/wp-json\/wp\/v2\/categories?post=946"},{"taxonomy":"post_tag","embeddable":true,"href":"https:\/\/hilanda.com.ar\/site\/wp-json\/wp\/v2\/tags?post=946"}],"curies":[{"name":"wp","href":"https:\/\/api.w.org\/{rel}","templated":true}]}}